{"id":1002,"date":"2026-03-25T16:22:04","date_gmt":"2026-03-25T19:22:04","guid":{"rendered":"https:\/\/caceempome.com.uy\/?p=1002"},"modified":"2026-03-25T16:29:27","modified_gmt":"2026-03-25T19:29:27","slug":"asamblea-general-ordinaria-2026","status":"publish","type":"post","link":"http:\/\/caceempome.com.uy\/?p=1002","title":{"rendered":"Asamblea General Ordinaria 2026"},"content":{"rendered":"\n<hr class=\"wp-block-separator has-text-color has-white-color has-alpha-channel-opacity has-white-background-color has-background\"\/>\n\n\n\n<p><strong>La Elecci\u00f3n de Autoridades y La Asamblea General Ordinaria se realizar\u00e1n el d\u00eda Jueves 7 de Mayo del corriente en la sede del Club Brasilero sito en la Avda. 18 de Julio 984 piso 3, de la ciudad de Montevideo.<\/strong><\/p>\n\n\n\n<hr class=\"wp-block-separator has-text-color has-white-color has-alpha-channel-opacity has-white-background-color has-background\"\/>\n\n\n\n<p><strong>Elecci\u00f3n de Autoridades\u00a0para integrar los cargos de Comisi\u00f3n Directiva y Comisi\u00f3n Fiscal por el periodo 2026-2028.<\/strong><\/p>\n\n\n\n<hr class=\"wp-block-separator has-text-color has-white-color has-alpha-channel-opacity has-white-background-color has-background\"\/>\n\n\n\n<p>La misma&nbsp;dar\u00e1 comienzo a la hora 18:30 y se extender\u00e1 hasta las 20:00 hrs.<\/p>\n\n\n\n<p>Adem\u00e1s de por este medio,&nbsp; se comunicar\u00e1 a los socios v\u00eda notificaci\u00f3n escrita y por medio de 5 avisos en dos diarios de circulaci\u00f3n nacional \u201cDiario Oficial\u201d y \u201cLa Hoja Judicial \u201cseg\u00fan indica la reglamentaci\u00f3n el d\u00eda y la hora del Acto Eleccionario.<\/p>\n\n\n\n<hr class=\"wp-block-separator has-text-color has-white-color has-alpha-channel-opacity has-white-background-color has-background\"\/>\n\n\n\n<p><strong>Asamblea General Ordinaria<\/strong><\/p>\n\n\n\n<hr class=\"wp-block-separator has-text-color has-white-color has-alpha-channel-opacity has-white-background-color has-background\"\/>\n\n\n\n<p>Para dar por abierta la misma se har\u00e1 un primer llamado a la hora 20:00 y de no alcanzarse el qu\u00f3rum correspondiente del 10 % de los socios habilitados, se har\u00e1 un segundo llamado a la hora 21:00 en el cual deber\u00e1n estar presentes el 5% de los socios habilitados o treinta socios habilitados sin contabilizar los representados por apoderados.<\/p>\n\n\n\n<p>La misma se realizar\u00e1 en forma presencial&nbsp;y ajust\u00e1ndose a lo dispuesto en el Decreto&nbsp;&nbsp;Nro. 208\/020 del 23 de Julio de 2020.<\/p>\n\n\n\n<hr class=\"wp-block-separator has-text-color has-white-color has-alpha-channel-opacity has-white-background-color has-background\"\/>\n\n\n\n<p><strong>El Orden del d\u00eda de la Asamblea ser\u00e1 el siguiente:<\/strong><\/p>\n\n\n\n<hr class=\"wp-block-separator has-text-color has-white-color has-alpha-channel-opacity has-white-background-color has-background\"\/>\n\n\n\n<p>1)&nbsp;&nbsp;&nbsp; Lectura y aprobaci\u00f3n del Acta anterior<\/p>\n\n\n\n<p>2)&nbsp;&nbsp;&nbsp; Lectura y aprobaci\u00f3n del Informe de la Comisi\u00f3n Fiscal.<\/p>\n\n\n\n<p>3)&nbsp;&nbsp;&nbsp; Lectura y aprobaci\u00f3n de la Memoria correspondiente al Ejercicio cerrado el 31 de diciembre de 2025.<\/p>\n\n\n\n<p>4)&nbsp; &nbsp; Lectura y aprobaci\u00f3n del Balance General correspondiente al Ejercicio cerrado el 31 de diciembre de 2025.<\/p>\n\n\n\n<p>5)&nbsp;&nbsp;&nbsp; Lectura y aprobaci\u00f3n del Proyecto de Distribuci\u00f3n de Excedentes correspondiente al Ejercicio 2025.<\/p>\n\n\n\n<p>6)&nbsp;&nbsp;&nbsp; Ajuste de la cuota social mensual.<\/p>\n\n\n\n<p>7)&nbsp; &nbsp; Designaci\u00f3n de dos asamble\u00edstas para firmar el acta.<\/p>\n\n\n\n<p>Todos los informes correspondientes al Balance Gral. del Ejercicio 2025 y anexos se hallan a disposici\u00f3n de los afiliados en nuestra sede, a efectos de quien desee examinarlos.<\/p>\n\n\n\n<p><\/p>\n","protected":false},"excerpt":{"rendered":"<p>La Elecci\u00f3n de Autoridades y La Asamblea General Ordinaria se realizar\u00e1n el d\u00eda Jueves 7 de Mayo del corriente en la sede del Club Brasilero sito en la Avda. 18 de Julio 984 piso 3, de la ciudad de Montevideo. Elecci\u00f3n de Autoridades\u00a0para integrar los cargos de Comisi\u00f3n Directiva y Comisi\u00f3n Fiscal por el periodo &hellip; <\/p>\n<p><a class=\"more-link block-button\" href=\"http:\/\/caceempome.com.uy\/?p=1002\">Continuar leyendo &raquo;<\/a><\/p>\n","protected":false},"author":1,"featured_media":0,"comment_status":"closed","ping_status":"closed","sticky":false,"template":"","format":"image","meta":{"footnotes":""},"categories":[1],"tags":[],"class_list":["post-1002","post","type-post","status-publish","format-image","hentry","category-noticias","post_format-post-format-image","nodate"],"_links":{"self":[{"href":"http:\/\/caceempome.com.uy\/index.php?rest_route=\/wp\/v2\/posts\/1002","targetHints":{"allow":["GET"]}}],"collection":[{"href":"http:\/\/caceempome.com.uy\/index.php?rest_route=\/wp\/v2\/posts"}],"about":[{"href":"http:\/\/caceempome.com.uy\/index.php?rest_route=\/wp\/v2\/types\/post"}],"author":[{"embeddable":true,"href":"http:\/\/caceempome.com.uy\/index.php?rest_route=\/wp\/v2\/users\/1"}],"replies":[{"embeddable":true,"href":"http:\/\/caceempome.com.uy\/index.php?rest_route=%2Fwp%2Fv2%2Fcomments&post=1002"}],"version-history":[{"count":10,"href":"http:\/\/caceempome.com.uy\/index.php?rest_route=\/wp\/v2\/posts\/1002\/revisions"}],"predecessor-version":[{"id":1014,"href":"http:\/\/caceempome.com.uy\/index.php?rest_route=\/wp\/v2\/posts\/1002\/revisions\/1014"}],"wp:attachment":[{"href":"http:\/\/caceempome.com.uy\/index.php?rest_route=%2Fwp%2Fv2%2Fmedia&parent=1002"}],"wp:term":[{"taxonomy":"category","embeddable":true,"href":"http:\/\/caceempome.com.uy\/index.php?rest_route=%2Fwp%2Fv2%2Fcategories&post=1002"},{"taxonomy":"post_tag","embeddable":true,"href":"http:\/\/caceempome.com.uy\/index.php?rest_route=%2Fwp%2Fv2%2Ftags&post=1002"}],"curies":[{"name":"wp","href":"https:\/\/api.w.org\/{rel}","templated":true}]}}